{"id":783,"date":"2023-12-22T14:19:50","date_gmt":"2023-12-22T14:19:50","guid":{"rendered":"http:\/\/fkk-finsterbergen.de\/?p=783"},"modified":"2023-12-22T14:20:18","modified_gmt":"2023-12-22T14:20:18","slug":"grosser-faschingsumzug-am-samstag-10-februar-2024","status":"publish","type":"post","link":"http:\/\/fkk-finsterbergen.de\/?p=783","title":{"rendered":"Gro\u00dfer Faschingsumzug am Samstag, 10. Februar 2024"},"content":{"rendered":"\t\t<div data-elementor-type=\"wp-post\" data-elementor-id=\"783\" class=\"elementor elementor-783\">\n\t\t\t\t\t\t<div class=\"elementor-inner\">\n\t\t\t\t<div class=\"elementor-section-wrap\">\n\t\t\t\t\t\t\t\t\t<section class=\"elementor-section elementor-top-section elementor-element elementor-element-961048d elementor-section-boxed elementor-section-height-default elementor-section-height-default\" data-id=\"961048d\" data-element_type=\"section\">\n\t\t\t\t\t\t<div class=\"elementor-container elementor-column-gap-default\">\n\t\t\t\t\t\t\t<div class=\"elementor-row\">\n\t\t\t\t\t<div class=\"elementor-column elementor-col-100 elementor-top-column elementor-element elementor-element-0bbecd4\" data-id=\"0bbecd4\" data-element_type=\"column\">\n\t\t\t<div class=\"elementor-column-wrap elementor-element-populated\">\n\t\t\t\t\t\t\t<div class=\"elementor-widget-wrap\">\n\t\t\t\t\t\t<div class=\"elementor-element elementor-element-ddf9b92 elementor-widget elementor-widget-text-editor\" data-id=\"ddf9b92\" data-element_type=\"widget\" data-widget_type=\"text-editor.default\">\n\t\t\t\t<div class=\"elementor-widget-container\">\n\t\t\t\t\t\t\t\t<div class=\"elementor-text-editor elementor-clearfix\">\n\t\t\t\t<p>Alle 5 Jahre ist es soweit!<\/p><p>Wir laden alle Einwohner, Narren und Freunde des FKK, alle benachbarten Faschingsvereine und n\u00e4rrische Gruppen ein, sich mit Ideen und Witz am gro\u00dfen Faschingsumzug in Finsterbergen zu beteiligen und sich mit uns in das bunte Get\u00fcmmel zu st\u00fcrzen!<\/p><p>Der Umzug beginnt um 14 Uhr oben in der Rennsteigstra\u00dfe. Die Umzugsteilnehmer k\u00f6nnen sich ab 12 Uhr \u00fcber die Stra\u00dfen \u201eAm H\u00fcllrod\u201c \u2013 \u201eAuf der H\u00f6he\u201c \u2013 \u201eQuerstra\u00dfe\u201c aufstellen.<span class=\"Apple-converted-space\">\u00a0<\/span><\/p><p>Anschlie\u00dfend m\u00f6chten wir bei einem n\u00e4rrischen Treiben vor der \u201eLinde\u201c ausgiebig feiern; f\u00fcr Speis und Trank, Musik und Stimmung ist nat\u00fcrlich bestens gesorgt! Auch bestes Umzugswetter wurde bereits geordert!<span class=\"Apple-converted-space\">\u00a0<\/span><\/p><p>Danach geht es dann nahtlos \u00fcber in die gro\u00dfe Faschingsparty mit Tanz der Masken bei Diskomusik auf dem Lindesaal.<\/p><p>Wer sich mit einem n\u00e4rrischen Bild an unserem Umzug beteiligen m\u00f6chte, kann uns das gerne vorab per Email \u00fcber <a href=\"mailto:info@fkk-finsterbergen.de\">info@fkk-finsterbergen.de<\/a>, telefonisch unter 01511 8557804 oder schriftlich \u00fcber den FKK-Briefkasten an der \u201eLinde\u201c mitteilen.<\/p>\t\t\t\t\t<\/div>\n\t\t\t\t\t\t<\/div>\n\t\t\t\t<\/div>\n\t\t\t\t\t\t<\/div>\n\t\t\t\t\t<\/div>\n\t\t<\/div>\n\t\t\t\t\t\t\t\t<\/div>\n\t\t\t\t\t<\/div>\n\t\t<\/section>\n\t\t\t\t\t\t\t\t\t<\/div>\n\t\t\t<\/div>\n\t\t\t\t\t<\/div>\n\t\t","protected":false},"excerpt":{"rendered":"<div class=\"slide-text-bg2\"><span>Alle 5 Jahre ist es soweit! Wir laden alle Einwohner, Narren und Freunde des FKK, alle benachbarten Faschingsvereine und n\u00e4rrische Gruppen ein, sich mit I<\/span><\/div>\n<div class=\"slide-btn-area-sm\"><a href=\"http:\/\/fkk-finsterbergen.de\/?p=783\" class=\"slide-btn-sm\">weiterlesen<\/a><\/div>\n","protected":false},"author":2,"featured_media":225,"comment_status":"open","ping_status":"open","sticky":false,"template":"","format":"standard","meta":{"footnotes":""},"categories":[1],"tags":[],"class_list":["post-783","post","type-post","status-publish","format-standard","has-post-thumbnail","hentry","category-uncategorized"],"_links":{"self":[{"href":"http:\/\/fkk-finsterbergen.de\/index.php?rest_route=\/wp\/v2\/posts\/783","targetHints":{"allow":["GET"]}}],"collection":[{"href":"http:\/\/fkk-finsterbergen.de\/index.php?rest_route=\/wp\/v2\/posts"}],"about":[{"href":"http:\/\/fkk-finsterbergen.de\/index.php?rest_route=\/wp\/v2\/types\/post"}],"author":[{"embeddable":true,"href":"http:\/\/fkk-finsterbergen.de\/index.php?rest_route=\/wp\/v2\/users\/2"}],"replies":[{"embeddable":true,"href":"http:\/\/fkk-finsterbergen.de\/index.php?rest_route=%2Fwp%2Fv2%2Fcomments&post=783"}],"version-history":[{"count":4,"href":"http:\/\/fkk-finsterbergen.de\/index.php?rest_route=\/wp\/v2\/posts\/783\/revisions"}],"predecessor-version":[{"id":787,"href":"http:\/\/fkk-finsterbergen.de\/index.php?rest_route=\/wp\/v2\/posts\/783\/revisions\/787"}],"wp:featuredmedia":[{"embeddable":true,"href":"http:\/\/fkk-finsterbergen.de\/index.php?rest_route=\/wp\/v2\/media\/225"}],"wp:attachment":[{"href":"http:\/\/fkk-finsterbergen.de\/index.php?rest_route=%2Fwp%2Fv2%2Fmedia&parent=783"}],"wp:term":[{"taxonomy":"category","embeddable":true,"href":"http:\/\/fkk-finsterbergen.de\/index.php?rest_route=%2Fwp%2Fv2%2Fcategories&post=783"},{"taxonomy":"post_tag","embeddable":true,"href":"http:\/\/fkk-finsterbergen.de\/index.php?rest_route=%2Fwp%2Fv2%2Ftags&post=783"}],"curies":[{"name":"wp","href":"https:\/\/api.w.org\/{rel}","templated":true}]}}