{"id":880,"date":"2025-02-05T13:11:41","date_gmt":"2025-02-05T13:11:41","guid":{"rendered":"http:\/\/fkk-finsterbergen.de\/?p=880"},"modified":"2025-02-05T13:19:16","modified_gmt":"2025-02-05T13:19:16","slug":"gelungener-start-in-die-51-saison-des-fkk","status":"publish","type":"post","link":"http:\/\/fkk-finsterbergen.de\/?p=880","title":{"rendered":"Gelungener Start in die 51. Saison des FKK!"},"content":{"rendered":"\t\t<div data-elementor-type=\"wp-post\" data-elementor-id=\"880\" class=\"elementor elementor-880\">\n\t\t\t\t\t\t<div class=\"elementor-inner\">\n\t\t\t\t<div class=\"elementor-section-wrap\">\n\t\t\t\t\t\t\t\t\t<section class=\"elementor-section elementor-top-section elementor-element elementor-element-b8ccaa3 elementor-section-boxed elementor-section-height-default elementor-section-height-default\" data-id=\"b8ccaa3\" data-element_type=\"section\">\n\t\t\t\t\t\t<div class=\"elementor-container elementor-column-gap-default\">\n\t\t\t\t\t\t\t<div class=\"elementor-row\">\n\t\t\t\t\t<div class=\"elementor-column elementor-col-100 elementor-top-column elementor-element elementor-element-7d6ab16\" data-id=\"7d6ab16\" data-element_type=\"column\">\n\t\t\t<div class=\"elementor-column-wrap elementor-element-populated\">\n\t\t\t\t\t\t\t<div class=\"elementor-widget-wrap\">\n\t\t\t\t\t\t<div class=\"elementor-element elementor-element-2f4028b elementor-widget elementor-widget-text-editor\" data-id=\"2f4028b\" data-element_type=\"widget\" data-widget_type=\"text-editor.default\">\n\t\t\t\t<div class=\"elementor-widget-container\">\n\t\t\t\t\t\t\t\t<div class=\"elementor-text-editor elementor-clearfix\">\n\t\t\t\t<p>Mit dem 1. B\u00fcttenabend am 25. Januar ist der FKK erfolgreich in seine 51. Saison gestartet! Unter dem Motto \u201eGibt es Plan?\u201c haben sich 100 Akteure zu B\u00fctt, Tanz und Gesang auf der Lindeb\u00fchne eingefunden und den ausverkauften Saal mit n\u00e4rrischen und scharfz\u00fcngigen B\u00fcttenreden, hochkar\u00e4tigen T\u00e4nzen und flotten Ges\u00e4ngen begeistert.<\/p><p>Regiert wird das n\u00e4rrische Volk in Finsterbergen in diesem Jahr von Prinz Florian Erdmann I. und seiner Prinzessin Ilka I.<span class=\"Apple-converted-space\">\u00a0<\/span><\/p><p>Das diesj\u00e4hrige Motto spiegelt die Situation in unserem Land wider und die augenzwinkernde Erkenntnis und Bereitschaft, dass endlich wieder die echten Narren an die Macht geh\u00f6ren!<\/p><p>Jeder, der bereits eine Karte reserviert hat, kann sich auf ein mehr als vierst\u00fcndiges Programm vom Feinsten freuen \u2013 wir geben alles, um euch einen unvergesslichen Abend im Lindesaal zu bereiten!<\/p><p>Die ersten B\u00fcttenabende sind bereits ausverkauft, f\u00fcr den letzten am 1. M\u00e4rz und nat\u00fcrlich f\u00fcr den Rosenmontags-B\u00fcttchenabend am 3. M\u00e4rz sind noch Karten erh\u00e4ltlich.<\/p><p>Auch zum Kinderfasching am 15. Februar um 14 Uhr laden wir die J\u00fcngsten unter uns Narren ganz herzlich ein!<\/p><p>Der Briefkasten am Hotel \u201eZur Linde\u201c ist f\u00fcr Kartenbestellungen ge\u00f6ffnet, elektronische Bestellungen sind unter <a href=\"http:\/\/www.fkk-finsterbergen.de\/\">www.fkk-finsterbergen.de<\/a> und telefonische sowie per WhatsApp unter 0162 6676943 (18-20 Uhr) m\u00f6glich.<span class=\"Apple-converted-space\">\u00a0<\/span><\/p><p>Der Kartenvorverkauf findet immer am Mittwoch vor der jeweiligen Veranstaltung von 18:30 Uhr -19:30 Uhr in der \u201eLinde\u201c statt.<\/p><p>Auch dieses Jahr gibt es wieder viel Spa\u00df, das wissen wir genau,<span class=\"Apple-converted-space\">\u00a0<\/span><\/p><p>und darauf ein dreifach donnerndes FINSTERBERSCH HELAU!<span class=\"Apple-converted-space\">\u00a0<\/span><\/p><div>\u00a0<\/div>\t\t\t\t\t<\/div>\n\t\t\t\t\t\t<\/div>\n\t\t\t\t<\/div>\n\t\t\t\t\t\t<\/div>\n\t\t\t\t\t<\/div>\n\t\t<\/div>\n\t\t\t\t\t\t\t\t<\/div>\n\t\t\t\t\t<\/div>\n\t\t<\/section>\n\t\t\t\t\t\t\t\t\t<\/div>\n\t\t\t<\/div>\n\t\t\t\t\t<\/div>\n\t\t","protected":false},"excerpt":{"rendered":"<div class=\"slide-text-bg2\"><span>Mit dem 1. B\u00fcttenabend am 25. Januar ist der FKK erfolgreich in seine 51. Saison gestartet! Unter dem Motto \u201eGibt es Plan?\u201c haben sich 100 Akteure zu <\/span><\/div>\n<div class=\"slide-btn-area-sm\"><a href=\"http:\/\/fkk-finsterbergen.de\/?p=880\" class=\"slide-btn-sm\">weiterlesen<\/a><\/div>\n","protected":false},"author":2,"featured_media":885,"comment_status":"open","ping_status":"open","sticky":false,"template":"","format":"standard","meta":{"footnotes":""},"categories":[1],"tags":[],"class_list":["post-880","post","type-post","status-publish","format-standard","has-post-thumbnail","hentry","category-uncategorized"],"_links":{"self":[{"href":"http:\/\/fkk-finsterbergen.de\/index.php?rest_route=\/wp\/v2\/posts\/880","targetHints":{"allow":["GET"]}}],"collection":[{"href":"http:\/\/fkk-finsterbergen.de\/index.php?rest_route=\/wp\/v2\/posts"}],"about":[{"href":"http:\/\/fkk-finsterbergen.de\/index.php?rest_route=\/wp\/v2\/types\/post"}],"author":[{"embeddable":true,"href":"http:\/\/fkk-finsterbergen.de\/index.php?rest_route=\/wp\/v2\/users\/2"}],"replies":[{"embeddable":true,"href":"http:\/\/fkk-finsterbergen.de\/index.php?rest_route=%2Fwp%2Fv2%2Fcomments&post=880"}],"version-history":[{"count":8,"href":"http:\/\/fkk-finsterbergen.de\/index.php?rest_route=\/wp\/v2\/posts\/880\/revisions"}],"predecessor-version":[{"id":889,"href":"http:\/\/fkk-finsterbergen.de\/index.php?rest_route=\/wp\/v2\/posts\/880\/revisions\/889"}],"wp:featuredmedia":[{"embeddable":true,"href":"http:\/\/fkk-finsterbergen.de\/index.php?rest_route=\/wp\/v2\/media\/885"}],"wp:attachment":[{"href":"http:\/\/fkk-finsterbergen.de\/index.php?rest_route=%2Fwp%2Fv2%2Fmedia&parent=880"}],"wp:term":[{"taxonomy":"category","embeddable":true,"href":"http:\/\/fkk-finsterbergen.de\/index.php?rest_route=%2Fwp%2Fv2%2Fcategories&post=880"},{"taxonomy":"post_tag","embeddable":true,"href":"http:\/\/fkk-finsterbergen.de\/index.php?rest_route=%2Fwp%2Fv2%2Ftags&post=880"}],"curies":[{"name":"wp","href":"https:\/\/api.w.org\/{rel}","templated":true}]}}