{"id":964,"date":"2025-10-02T07:23:30","date_gmt":"2025-10-02T07:23:30","guid":{"rendered":"http:\/\/fkk-finsterbergen.de\/?p=964"},"modified":"2025-10-02T07:24:57","modified_gmt":"2025-10-02T07:24:57","slug":"schmerz-lass-nach","status":"publish","type":"post","link":"http:\/\/fkk-finsterbergen.de\/?p=964","title":{"rendered":"\u201eSchMERZ lass nach!&#8221;"},"content":{"rendered":"\t\t<div data-elementor-type=\"wp-post\" data-elementor-id=\"964\" class=\"elementor elementor-964\">\n\t\t\t\t\t\t<div class=\"elementor-inner\">\n\t\t\t\t<div class=\"elementor-section-wrap\">\n\t\t\t\t\t\t\t\t\t<section class=\"elementor-section elementor-top-section elementor-element elementor-element-1c28d0bd elementor-section-boxed elementor-section-height-default elementor-section-height-default\" data-id=\"1c28d0bd\" data-element_type=\"section\">\n\t\t\t\t\t\t<div class=\"elementor-container elementor-column-gap-default\">\n\t\t\t\t\t\t\t<div class=\"elementor-row\">\n\t\t\t\t\t<div class=\"elementor-column elementor-col-100 elementor-top-column elementor-element elementor-element-3adea6bc\" data-id=\"3adea6bc\" data-element_type=\"column\">\n\t\t\t<div class=\"elementor-column-wrap elementor-element-populated\">\n\t\t\t\t\t\t\t<div class=\"elementor-widget-wrap\">\n\t\t\t\t\t\t<div class=\"elementor-element elementor-element-73d74968 elementor-widget elementor-widget-text-editor\" data-id=\"73d74968\" data-element_type=\"widget\" data-widget_type=\"text-editor.default\">\n\t\t\t\t<div class=\"elementor-widget-container\">\n\t\t\t\t\t\t\t\t<div class=\"elementor-text-editor elementor-clearfix\">\n\t\t\t\t<!-- wp:paragraph -->\n<p><strong>Der Finsterberger Karneval Klub FKK e.V. startet in seine 52. Saison!<\/strong><\/p>\n<!-- \/wp:paragraph -->\t\t\t\t\t<\/div>\n\t\t\t\t\t\t<\/div>\n\t\t\t\t<\/div>\n\t\t\t\t\t\t<\/div>\n\t\t\t\t\t<\/div>\n\t\t<\/div>\n\t\t\t\t\t\t\t\t<\/div>\n\t\t\t\t\t<\/div>\n\t\t<\/section>\n\t\t\t\t<section class=\"elementor-section elementor-top-section elementor-element elementor-element-d865740 elementor-section-boxed elementor-section-height-default elementor-section-height-default\" data-id=\"d865740\" data-element_type=\"section\">\n\t\t\t\t\t\t<div class=\"elementor-container elementor-column-gap-default\">\n\t\t\t\t\t\t\t<div class=\"elementor-row\">\n\t\t\t\t\t<div class=\"elementor-column elementor-col-100 elementor-top-column elementor-element elementor-element-be22826\" data-id=\"be22826\" data-element_type=\"column\">\n\t\t\t<div class=\"elementor-column-wrap elementor-element-populated\">\n\t\t\t\t\t\t\t<div class=\"elementor-widget-wrap\">\n\t\t\t\t\t\t<div class=\"elementor-element elementor-element-e27b9d6 elementor-widget elementor-widget-text-editor\" data-id=\"e27b9d6\" data-element_type=\"widget\" data-widget_type=\"text-editor.default\">\n\t\t\t\t<div class=\"elementor-widget-container\">\n\t\t\t\t\t\t\t\t<div class=\"elementor-text-editor elementor-clearfix\">\n\t\t\t\t<p>Der 11.11. f\u00e4llt auf einen Dienstag, so dass wir uns vorab schon mal 4 Tage auf das erste gemeinsame \u201eHelau\u201c einstimmen k\u00f6nnen, bevor wir dann traditionell am Samstag, dem 15.11. um 11:11 Uhr zur besten Fr\u00fchschoppenzeit gemeinsam mit unserem n\u00e4rrischen Volk in die 52. Saison starten werden!<\/p>\n<p>In bekannter Manier wollen wir das <b>Finsterberger Rathaus st\u00fcrmen<\/b> und ihr alle k\u00f6nnt dabei sein, wenn unser Ortsteilb\u00fcrgermeister in Ketten gelegt und zur \u00dcbergabe seines Amtes an die echten Narren gen\u00f6tigt wird!<\/p>\n<p>Die feucht-fr\u00f6hliche Offensive wird am \u201eHaus des Gastes\u201c ausgiebig mit Gesang und Tanz und den Kl\u00e4ngen der Finsterberger Heimatkapelle gefeiert. F\u00fcr das leibliche Wohl ist nat\u00fcrlich bestens gesorgt!<\/p>\n<p>Am gleichen Abend feiern wir die<b> Saisoner\u00f6ffnung <\/b>unter dem<b> Motto \u201eWir machen mobil!\u201c <\/b>mit Diskomusik und vielen Showeinlagen und laden dazu nat\u00fcrlich Jung und Alt auf das Herzlichste ein!<span class=\"Apple-converted-space\">\u00a0<\/span><\/p>\n<p>Ab 19 Uhr ist Einlass, 20 Uhr geht\u00b4s los, der Eintritt kostet 15 Euro.<\/p>\n<p>Der Kartenvorverkauf findet am Mittwoch, dem 12.11. von 18:30-19:30 Uhr in der \u201eLinde\u201c statt und Kurzentschlossene k\u00f6nnen auch an der Abendkasse noch Karten erwerben. <span class=\"Apple-converted-space\">\u00a0<\/span><\/p>\n<p>Im neuen Jahr feiern wir 5 Wochenenden lang vom <b>17. Januar bis zum Rosenmontag am 16. Februar <\/b>unsere 52. Saison<b>.<\/b><\/p>\n<p>Der Briefkasten am Hotel \u201eZur Linde\u201c ist f\u00fcr Kartenbestellungen ge\u00f6ffnet, elektronische Bestellungen sind unter <a href=\"http:\/\/www.fkk-finsterbergen.de\/\">www.fkk-finsterbergen.de<\/a> und telefonische unter 0162 6676943 (18-20 Uhr) jederzeit m\u00f6glich.<\/p>\n<p>Es gibt wieder viel Spa\u00df, das wissen wir genau,<span class=\"Apple-converted-space\">\u00a0<\/span><\/p>\n<p>und darauf ein dreifach donnerndes FINSTERBERSCH HELAU!<span class=\"Apple-converted-space\">\u00a0<\/span><\/p>\t\t\t\t\t<\/div>\n\t\t\t\t\t\t<\/div>\n\t\t\t\t<\/div>\n\t\t\t\t\t\t<\/div>\n\t\t\t\t\t<\/div>\n\t\t<\/div>\n\t\t\t\t\t\t\t\t<\/div>\n\t\t\t\t\t<\/div>\n\t\t<\/section>\n\t\t\t\t\t\t\t\t\t<\/div>\n\t\t\t<\/div>\n\t\t\t\t\t<\/div>\n\t\t","protected":false},"excerpt":{"rendered":"<div class=\"slide-text-bg2\"><span>Der Finsterberger Karneval Klub FKK e.V. startet in seine 52. Saison! Der 11.11. f\u00e4llt auf einen Dienstag, so dass wir uns vorab schon mal 4 Tage auf das <\/span><\/div>\n<div class=\"slide-btn-area-sm\"><a href=\"http:\/\/fkk-finsterbergen.de\/?p=964\" class=\"slide-btn-sm\">weiterlesen<\/a><\/div>\n","protected":false},"author":2,"featured_media":969,"comment_status":"open","ping_status":"open","sticky":false,"template":"","format":"standard","meta":{"footnotes":""},"categories":[1],"tags":[],"class_list":["post-964","post","type-post","status-publish","format-standard","has-post-thumbnail","hentry","category-uncategorized"],"_links":{"self":[{"href":"http:\/\/fkk-finsterbergen.de\/index.php?rest_route=\/wp\/v2\/posts\/964","targetHints":{"allow":["GET"]}}],"collection":[{"href":"http:\/\/fkk-finsterbergen.de\/index.php?rest_route=\/wp\/v2\/posts"}],"about":[{"href":"http:\/\/fkk-finsterbergen.de\/index.php?rest_route=\/wp\/v2\/types\/post"}],"author":[{"embeddable":true,"href":"http:\/\/fkk-finsterbergen.de\/index.php?rest_route=\/wp\/v2\/users\/2"}],"replies":[{"embeddable":true,"href":"http:\/\/fkk-finsterbergen.de\/index.php?rest_route=%2Fwp%2Fv2%2Fcomments&post=964"}],"version-history":[{"count":6,"href":"http:\/\/fkk-finsterbergen.de\/index.php?rest_route=\/wp\/v2\/posts\/964\/revisions"}],"predecessor-version":[{"id":971,"href":"http:\/\/fkk-finsterbergen.de\/index.php?rest_route=\/wp\/v2\/posts\/964\/revisions\/971"}],"wp:featuredmedia":[{"embeddable":true,"href":"http:\/\/fkk-finsterbergen.de\/index.php?rest_route=\/wp\/v2\/media\/969"}],"wp:attachment":[{"href":"http:\/\/fkk-finsterbergen.de\/index.php?rest_route=%2Fwp%2Fv2%2Fmedia&parent=964"}],"wp:term":[{"taxonomy":"category","embeddable":true,"href":"http:\/\/fkk-finsterbergen.de\/index.php?rest_route=%2Fwp%2Fv2%2Fcategories&post=964"},{"taxonomy":"post_tag","embeddable":true,"href":"http:\/\/fkk-finsterbergen.de\/index.php?rest_route=%2Fwp%2Fv2%2Ftags&post=964"}],"curies":[{"name":"wp","href":"https:\/\/api.w.org\/{rel}","templated":true}]}}